{"id":3982,"date":"2026-09-01T15:00:00","date_gmt":"2026-09-01T12:00:00","guid":{"rendered":"https:\/\/gormeklazim.com\/blog\/?p=3982"},"modified":"2026-08-31T17:53:32","modified_gmt":"2026-08-31T14:53:32","slug":"gunluk-canta-secim-rehberi","status":"publish","type":"post","link":"https:\/\/gormeklazim.com\/blog\/gunluk-canta-secim-rehberi\/","title":{"rendered":"G\u00fcnl\u00fck \u00c7anta Se\u00e7im Rehberi"},"content":{"rendered":"\n<p class=\"wp-block-paragraph\">\u00c7anta, g\u00fcnl\u00fck hayat\u0131n en \u00e7ok \u00e7al\u0131\u015fan aksesuar\u0131d\u0131r: telefonu, c\u00fczdan\u0131, anahtar\u0131 ve g\u00fcn\u00fcn b\u00fct\u00fcn k\u00fc\u00e7\u00fck d\u00fcnyas\u0131n\u0131 ta\u015f\u0131r; \u00fcstelik bunu yaparken kombinin de s\u00f6zc\u00fcs\u00fc olur. Buna ra\u011fmen \u00e7o\u011fu \u00e7anta yaln\u0131zca vitrindeki duru\u015fuyla al\u0131n\u0131r ve ilk haftalarda ya omuzda rahats\u0131z eder ya da i\u00e7indeki kaosla sinir bozar. Yaz\u0131m\u0131zda el \u00e7antas\u0131ndan omuz \u00e7antas\u0131na, g\u00fcnl\u00fck kullan\u0131mdan i\u015f hayat\u0131na \u00e7anta se\u00e7iminin b\u00fct\u00fcn pratik \u00f6l\u00e7\u00fctlerini ele al\u0131yoruz.<\/p>\n\n\n\n<h2 class=\"wp-block-heading\"><strong>Tip Rehberi: Hangi \u00c7anta Hangi Hayata Uyar?<\/strong><\/h2>\n\n\n\n<p class=\"wp-block-paragraph\">Omuz \u00e7antalar\u0131 g\u00fcnl\u00fck hayat\u0131n \u00e7ok y\u00f6nl\u00fc klasi\u011fidir: orta boy g\u00f6vdeleri g\u00fcn\u00fcn temel e\u015fyas\u0131n\u0131 ta\u015f\u0131r, ask\u0131 yap\u0131lar\u0131yla eller serbest kal\u0131r. \u00c7apraz (crossbody) \u00e7antalar hareketli g\u00fcnlerin ve g\u00fcvenli \u015fehir gezmelerinin dostudur; a\u011f\u0131rl\u0131\u011f\u0131 g\u00f6vdeye dengeli da\u011f\u0131t\u0131r. El \u00e7antalar\u0131 ve mini \u00e7antalar davet ve ak\u015fam kombinlerinin zarafet vurgusudur; kapasiteleri s\u0131n\u0131rl\u0131d\u0131r ve bunu ba\u015ftan kabul etmek gerekir. Tote \u00e7antalar ise &#8220;her \u015fey yan\u0131mda olsun&#8221; diyenlerin geni\u015f hacimli yard\u0131mc\u0131s\u0131d\u0131r; laptop, dosya ve al\u0131\u015fveri\u015fi tek g\u00f6vdede toplar.<\/p>\n\n\n\n<p class=\"wp-block-paragraph\">Se\u00e7imin ilk sorusu \u015fudur: bu \u00e7anta haftada ka\u00e7 g\u00fcn ve neyle dolu ta\u015f\u0131nacak? Cevap &#8220;her g\u00fcn, dolu dolu&#8221; ise dayan\u0131kl\u0131l\u0131k ve omuz konforu; &#8220;arada, hafif&#8221; ise stil ve zarafet \u00f6ncelik al\u0131r. Farkl\u0131 tipleri <a href=\"https:\/\/gormeklazim.com\/kategori\/canta-c-435\">\u00e7anta<\/a> kategorisinde bir arada g\u00f6rebilirsiniz.<\/p>\n\n\n\n<h2 class=\"wp-block-heading\"><strong>Malzeme ve \u0130\u015f\u00e7ilik: Uzun \u00d6mr\u00fcn \u015eifreleri<\/strong><\/h2>\n\n\n\n<p class=\"wp-block-paragraph\">Hakiki deri y\u0131llanan karakteriyle uzun vadenin, kaliteli suni deri ve kanvas ise b\u00fct\u00e7e dostu \u00e7e\u015fitlili\u011fin temsilcisidir. Malzemeden ba\u011f\u0131ms\u0131z olarak i\u015f\u00e7ilik \u00fc\u00e7 noktadan okunur: diki\u015flerin d\u00fczg\u00fcnl\u00fc\u011f\u00fc ve \u00e7ift diki\u015f varl\u0131\u011f\u0131, fermuar\u0131n tak\u0131lmadan ak\u0131\u015f\u0131 ve ask\u0131 ba\u011flant\u0131lar\u0131n\u0131n sa\u011flaml\u0131\u011f\u0131 \u2014 \u00e7antan\u0131n emekliye ayr\u0131lma sebebi \u00e7o\u011fu zaman y\u0131rt\u0131lan g\u00f6vde de\u011fil, kopan ask\u0131 ba\u011flant\u0131s\u0131d\u0131r. Metal aksesuarlar\u0131n (toka, halka, ayak) boyas\u0131n\u0131n kalitesi de birka\u00e7 ayda kendini belli eder.<\/p>\n\n\n\n<p class=\"wp-block-paragraph\">\u00c7antan\u0131n alt\u0131ndaki metal ayaklar, yere konan \u00e7antan\u0131n g\u00f6vdesini korur; \u00f6zellikle a\u00e7\u0131k renk ve deri \u00e7antalarda k\u00fc\u00e7\u00fck ama k\u0131ymetli bir ayr\u0131nt\u0131d\u0131r. Astar kuma\u015f\u0131n\u0131n koyu renk olmas\u0131 ise i\u00e7 lekelenmeyi gizler ama e\u015fya bulmay\u0131 zorla\u015ft\u0131r\u0131r; a\u00e7\u0131k astar tam tersidir. Tercih sizin, bilin\u00e7li olsun yeter.<\/p>\n\n\n\n<h2 class=\"wp-block-heading\"><strong>\u0130\u00e7 D\u00fczen: Kaosa Kar\u015f\u0131 B\u00f6lmeler<\/strong><\/h2>\n\n\n\n<p class=\"wp-block-paragraph\">&#8220;\u00c7antamda ama bulam\u0131yorum&#8221; c\u00fcmlesinin ilac\u0131 b\u00f6lme d\u00fczenidir. \u0130yi bir g\u00fcnl\u00fck \u00e7antada fermuarl\u0131 bir i\u00e7 cep (de\u011ferli e\u015fyalar i\u00e7in), telefon boyutunda a\u00e7\u0131k bir cep ve anahtarl\u0131k kancas\u0131 aranmal\u0131d\u0131r. D\u0131\u015f cep, ula\u015f\u0131m kart\u0131 ve telefon gibi s\u0131k \u00e7\u0131kan e\u015fyalar\u0131n h\u0131z kap\u0131s\u0131d\u0131r. Laptop ta\u015f\u0131yanlar i\u00e7in s\u00fcngerli ayr\u0131 b\u00f6lme pazarl\u0131ks\u0131z \u015fartt\u0131r; bilgisayar di\u011fer e\u015fyalarla ayn\u0131 bo\u015flukta yolculuk etmemelidir.<\/p>\n\n\n\n<p class=\"wp-block-paragraph\">B\u00f6lmesi az ama sevilen bir \u00e7antada \u00e7\u00f6z\u00fcm \u00e7anta i\u00e7i organizat\u00f6rd\u00fcr: e\u015fyalar organizat\u00f6rde durur, organizat\u00f6r \u00e7antadan \u00e7antaya ta\u015f\u0131n\u0131r; hem d\u00fczen korunur hem sabah \u00e7anta de\u011fi\u015ftirmek dakika meselesine iner.<\/p>\n\n\n\n<h2 class=\"wp-block-heading\"><strong>Konfor ve Sa\u011fl\u0131k: Omuzlar\u0131n Hakk\u0131<\/strong><\/h2>\n\n\n\n<p class=\"wp-block-paragraph\">Dolu \u00e7anta a\u011f\u0131rl\u0131\u011f\u0131n\u0131n v\u00fccut a\u011f\u0131rl\u0131\u011f\u0131n\u0131n y\u00fczde onunu a\u015fmamas\u0131, fizyoterapistlerin klasik \u00f6nerisidir. A\u011f\u0131r ta\u015f\u0131yanlar geni\u015f ve ayarlanabilir ask\u0131lar\u0131, m\u00fcmk\u00fcnse \u00e7apraz kullan\u0131m\u0131 tercih etmeli; tek omuzda uzun s\u00fcre ta\u015f\u0131nan a\u011f\u0131r \u00e7anta duru\u015f bozuklu\u011funun sessiz mimar\u0131d\u0131r. Ask\u0131 uzunlu\u011fu da ergonomiktir: \u00e7antan\u0131n g\u00f6vdesi kal\u00e7a hizas\u0131nda durdu\u011funda y\u00fcr\u00fcy\u00fc\u015fle uyumlu sal\u0131n\u0131r, \u00e7ok uzun ask\u0131 bele vurur, \u00e7ok k\u0131sa ask\u0131 koltuk alt\u0131n\u0131 rahats\u0131z eder.<\/p>\n\n\n\n<p class=\"wp-block-paragraph\">D\u00fczenli olarak s\u0131rtta y\u00fck ta\u015f\u0131yanlar i\u00e7in omuz \u00e7antas\u0131 yerine \u015f\u0131k bir s\u0131rt \u00e7antas\u0131 da me\u015fru bir tercihtir; se\u00e7im \u00f6l\u00e7\u00fctlerini <a href=\"https:\/\/gormeklazim.com\/blog\/sirt-cantasi-nasil-secilir\/\">s\u0131rt \u00e7antas\u0131 rehberimizde<\/a> ayr\u0131nt\u0131l\u0131 anlatm\u0131\u015ft\u0131k \u2014 i\u015f ortam\u0131na uygun sade modeller i\u00e7in <a href=\"https:\/\/gormeklazim.com\/kategori\/sirt-cantasi-c-448\">s\u0131rt \u00e7antas\u0131<\/a> kategorisine g\u00f6z atabilirsiniz.<\/p>\n\n\n\n<h2 class=\"wp-block-heading\"><strong>Gard\u0131rop Stratejisi: \u00dc\u00e7 \u00c7anta Kural\u0131<\/strong><\/h2>\n\n\n\n<p class=\"wp-block-paragraph\">\u00c7anta koleksiyonunun pratik \u00e7ekirde\u011fi \u00fc\u00e7 par\u00e7ad\u0131r: her kombinle \u00e7al\u0131\u015fan n\u00f6tr renkli (siyah, taba ya da bej) bir g\u00fcnl\u00fck \u00e7anta; i\u015f ve resmi g\u00fcnler i\u00e7in yap\u0131l\u0131, orta-b\u00fcy\u00fck bir model; davetler i\u00e7in k\u00fc\u00e7\u00fck bir el \u00e7antas\u0131. Bu \u00e7ekirdek kurulduktan sonra al\u0131nacak her renkli ve sezonluk par\u00e7a keyif alan\u0131d\u0131r, zorunluluk de\u011fil. Bak\u0131m da \u00f6mr\u00fc uzat\u0131r: deri \u00e7antalar arada nemlendirilir, kuma\u015f \u00e7antalar y\u00fczey temizli\u011fiyle korunur ve her \u00e7anta sezon d\u0131\u015f\u0131nda i\u00e7i doldurulmu\u015f h\u00e2lde, tozdan uzak saklan\u0131r.<\/p>\n\n\n\n<p class=\"wp-block-paragraph\">\u00d6zetle: \u00f6nce kullan\u0131m ger\u00e7e\u011finizi, sonra omuz konforunuzu, en son vitrindeki duru\u015fu tart\u0131n. Bu s\u0131rayla se\u00e7ilen \u00e7anta hem y\u0131llarca ta\u015f\u0131r hem de her ta\u015f\u0131nd\u0131\u011f\u0131nda iyi g\u00f6r\u00fcn\u00fcr.<\/p>\n","protected":false},"excerpt":{"rendered":"<p>\u00c7anta, g\u00fcnl\u00fck hayat\u0131n en \u00e7ok \u00e7al\u0131\u015fan aksesuar\u0131d\u0131r: telefonu, c\u00fczdan\u0131, anahtar\u0131 ve g\u00fcn\u00fcn b\u00fct\u00fcn k\u00fc\u00e7\u00fck d\u00fcnyas\u0131n\u0131 ta\u015f\u0131r; \u00fcstelik bunu yaparken kombinin de s\u00f6zc\u00fcs\u00fc olur. Buna ra\u011fmen \u00e7o\u011fu \u00e7anta yaln\u0131zca vitrindeki duru\u015fuyla al\u0131n\u0131r ve ilk haftalarda ya omuzda rahats\u0131z eder ya da i\u00e7indeki kaosla sinir bozar. Yaz\u0131m\u0131zda el \u00e7antas\u0131ndan omuz \u00e7antas\u0131na, g\u00fcnl\u00fck kullan\u0131mdan i\u015f hayat\u0131na \u00e7anta se\u00e7iminin [&hellip;]<\/p>\n","protected":false},"author":1,"featured_media":4204,"comment_status":"open","ping_status":"open","sticky":false,"template":"","format":"standard","meta":{"footnotes":""},"categories":[66],"tags":[],"class_list":["post-3982","post","type-post","status-publish","format-standard","has-post-thumbnail","hentry","category-giyim"],"_links":{"self":[{"href":"https:\/\/gormeklazim.com\/blog\/wp-json\/wp\/v2\/posts\/3982","targetHints":{"allow":["GET"]}}],"collection":[{"href":"https:\/\/gormeklazim.com\/blog\/wp-json\/wp\/v2\/posts"}],"about":[{"href":"https:\/\/gormeklazim.com\/blog\/wp-json\/wp\/v2\/types\/post"}],"author":[{"embeddable":true,"href":"https:\/\/gormeklazim.com\/blog\/wp-json\/wp\/v2\/users\/1"}],"replies":[{"embeddable":true,"href":"https:\/\/gormeklazim.com\/blog\/wp-json\/wp\/v2\/comments?post=3982"}],"version-history":[{"count":1,"href":"https:\/\/gormeklazim.com\/blog\/wp-json\/wp\/v2\/posts\/3982\/revisions"}],"predecessor-version":[{"id":4183,"href":"https:\/\/gormeklazim.com\/blog\/wp-json\/wp\/v2\/posts\/3982\/revisions\/4183"}],"wp:featuredmedia":[{"embeddable":true,"href":"https:\/\/gormeklazim.com\/blog\/wp-json\/wp\/v2\/media\/4204"}],"wp:attachment":[{"href":"https:\/\/gormeklazim.com\/blog\/wp-json\/wp\/v2\/media?parent=3982"}],"wp:term":[{"taxonomy":"category","embeddable":true,"href":"https:\/\/gormeklazim.com\/blog\/wp-json\/wp\/v2\/categories?post=3982"},{"taxonomy":"post_tag","embeddable":true,"href":"https:\/\/gormeklazim.com\/blog\/wp-json\/wp\/v2\/tags?post=3982"}],"curies":[{"name":"wp","href":"https:\/\/api.w.org\/{rel}","templated":true}]}}