{"id":3936,"date":"2026-08-24T15:00:00","date_gmt":"2026-08-24T12:00:00","guid":{"rendered":"https:\/\/gormeklazim.com\/blog\/?p=3936"},"modified":"2026-08-19T15:11:22","modified_gmt":"2026-08-19T12:11:22","slug":"vucut-spreyi-ile-parfum-arasindaki-farklar","status":"publish","type":"post","link":"https:\/\/gormeklazim.com\/blog\/vucut-spreyi-ile-parfum-arasindaki-farklar\/","title":{"rendered":"V\u00fccut Spreyi ile Parf\u00fcm Aras\u0131ndaki Farklar"},"content":{"rendered":"\n<p class=\"wp-block-paragraph\">Parf\u00fcm reyonunda en s\u0131k duyulan sorulardan biri \u015fudur: &#8220;V\u00fccut spreyi ile parf\u00fcm aras\u0131nda ger\u00e7ekten fark var m\u0131, yoksa ayn\u0131 \u015feyin pahal\u0131s\u0131 ucuzu mu?&#8221; Cevap nettir: ikisi farkl\u0131 \u00fcr\u00fcnlerdir ve farkl\u0131 i\u015fler i\u00e7in tasarlanm\u0131\u015flard\u0131r. Aralar\u0131ndaki ayr\u0131m\u0131 bilmek, hem b\u00fct\u00e7enizi do\u011fru y\u00f6netmenizi hem de her ana uygun kokuyu se\u00e7menizi sa\u011flar. Yaz\u0131m\u0131zda esans oran\u0131ndan kal\u0131c\u0131l\u0131\u011fa, kullan\u0131m anlar\u0131ndan uygulama tekni\u011fine kadar iki \u00fcr\u00fcn ailesini kar\u015f\u0131la\u015ft\u0131r\u0131yoruz.<\/p>\n\n\n\n<h2 class=\"wp-block-heading\"><strong>Temel Fark: Esans Konsantrasyonu<\/strong><\/h2>\n\n\n\n<p class=\"wp-block-paragraph\">Kokulu \u00fcr\u00fcnlerin hiyerar\u015fisini belirleyen tek bir rakam vard\u0131r: i\u00e7erdikleri parf\u00fcm esans\u0131 oran\u0131. V\u00fccut spreylerinde bu oran genellikle y\u00fczde 1-3 aral\u0131\u011f\u0131ndad\u0131r; eau de toilette y\u00fczde 5-15, eau de parfum y\u00fczde 15-20, extrait de parfum ise y\u00fczde 20&#8217;nin \u00fczerine \u00e7\u0131kar. Oran y\u00fckseldik\u00e7e koku hem yo\u011funla\u015f\u0131r hem uzar; fiyat\u0131n da esasen bu oranla birlikte t\u0131rmand\u0131\u011f\u0131n\u0131 bilmek, etiketleri okumay\u0131 kolayla\u015ft\u0131r\u0131r.<\/p>\n\n\n\n<p class=\"wp-block-paragraph\">Bu tablo pratikte \u015fu anlama gelir: v\u00fccut spreyi 1-3 saatlik hafif bir tazelik sunar, eau de toilette yar\u0131m g\u00fcn\u00fc g\u00f6t\u00fcr\u00fcr, eau de parfum ise ak\u015fama kadar e\u015flik eder. Beklentiyi \u00fcr\u00fcnle e\u015fle\u015ftirmek, &#8220;kokusu hi\u00e7 kalm\u0131yor&#8221; \u015fik\u00e2yetinin ger\u00e7ek \u00e7\u00f6z\u00fcm\u00fcd\u00fcr.<\/p>\n\n\n\n<h2 class=\"wp-block-heading\"><strong>V\u00fccut Spreyi: G\u00fcnl\u00fck Tazeli\u011fin Pratik Yolu<\/strong><\/h2>\n\n\n\n<p class=\"wp-block-paragraph\">V\u00fccut spreyinin g\u00fcc\u00fc hafifli\u011findedir. Spor sonras\u0131, ofis molas\u0131nda ya da g\u00fcn i\u00e7inde tazelenmek istendi\u011finde bolca ve \u00e7ekinmeden kullan\u0131l\u0131r; yo\u011funlu\u011fu d\u00fc\u015f\u00fck oldu\u011fu i\u00e7in kapal\u0131 ortamda rahats\u0131z edici bir bulut olu\u015fturmaz. Cilde do\u011frudan geni\u015f y\u00fczeyle uygulanabilmesi, ter kokusunu maskelemekten \u00f6te ferahl\u0131k hissi verir. Fiyat\u0131 eri\u015filebilir oldu\u011fundan farkl\u0131 kokularda birka\u00e7 \u015fi\u015fe bulundurup ruh h\u00e2line g\u00f6re se\u00e7im yapmak da keyifli bir al\u0131\u015fkanl\u0131kt\u0131r.<\/p>\n\n\n\n<p class=\"wp-block-paragraph\">Gen\u00e7ler ve yo\u011fun kokudan rahats\u0131z olanlar i\u00e7in de v\u00fccut spreyi ideal ba\u015flang\u0131\u00e7t\u0131r. Farkl\u0131 koku ailelerini <a href=\"https:\/\/gormeklazim.com\/kategori\/vucut-spreyi-c-672\">v\u00fccut spreyi<\/a> kategorisinde inceleyerek g\u00fcndelik rotasyonunuzu kurabilirsiniz.<\/p>\n\n\n\n<h2 class=\"wp-block-heading\"><strong>Parf\u00fcm: Kal\u0131c\u0131l\u0131k ve Karakter<\/strong><\/h2>\n\n\n\n<p class=\"wp-block-paragraph\">Parf\u00fcm ise bir imza meselesidir. \u00dcst, orta ve dip notalardan kurulu kompozisyonu g\u00fcn boyunca evrilir: ilk yar\u0131m saatin ferah a\u00e7\u0131l\u0131\u015f\u0131, yerini kalbindeki \u00e7i\u00e7eksi ya da baharatl\u0131 karaktere, ak\u015fam saatlerinde ise odunsu-amber dip notalara b\u0131rak\u0131r. Bu katmanl\u0131 yap\u0131, kaliteli bir parf\u00fcm\u00fc yaln\u0131zca koku de\u011fil deneyim yapar. \u00d6zel davetler, i\u015f g\u00f6r\u00fc\u015fmeleri ve iz b\u0131rakmak istenen anlar parf\u00fcm\u00fcn sahas\u0131d\u0131r.<\/p>\n\n\n\n<p class=\"wp-block-paragraph\">Parf\u00fcm se\u00e7erken koku ailenizi tan\u0131mak i\u015fi kolayla\u015ft\u0131r\u0131r: ferah narenciye ve deniz notalar\u0131 g\u00fcnd\u00fcz ve yaza, tatl\u0131 oryantal ve odunsu notalar ak\u015fam ve k\u0131\u015fa yak\u0131\u015f\u0131r. Deneme a\u015famas\u0131nda kokuyu bile\u011fe s\u0131k\u0131p en az yar\u0131m saat, ideali birka\u00e7 saat cildinizde dinlendirmeden karar vermeyin; koku, kartondaki h\u00e2liyle de\u011fil cildinizdeki dip notas\u0131yla ya\u015far. Se\u00e7enekleri <a href=\"https:\/\/gormeklazim.com\/kategori\/parfum-c-661\">parf\u00fcm<\/a> kategorisinde kar\u015f\u0131la\u015ft\u0131rabilirsiniz.<\/p>\n\n\n\n<h2 class=\"wp-block-heading\"><strong>Uygulama Teknikleri: Az Ama Do\u011fru<\/strong><\/h2>\n\n\n\n<p class=\"wp-block-paragraph\">Parf\u00fcm nab\u0131z noktalar\u0131na uygulan\u0131r: bilek i\u00e7i, boyun, kulak arkas\u0131 ve dirsek i\u00e7i. V\u00fccut \u0131s\u0131s\u0131n\u0131n y\u00fcksek oldu\u011fu bu b\u00f6lgeler kokuyu g\u00fcn boyu yava\u015f\u00e7a yayar. Bile\u011fi bile\u011fe s\u00fcrtme al\u0131\u015fkanl\u0131\u011f\u0131 ise koku molek\u00fcllerini ezerek \u00fcst notalar\u0131 \u00f6ld\u00fcr\u00fcr; s\u0131k\u0131n ve kendi h\u00e2line b\u0131rak\u0131n. Sa\u00e7a do\u011frudan alkoll\u00fc parf\u00fcm s\u0131kmak y\u0131prat\u0131c\u0131d\u0131r; kokunun sa\u00e7ta ta\u015f\u0131nmas\u0131 isteniyorsa f\u0131r\u00e7aya s\u0131k\u0131p taramak nazik bir y\u00f6ntemdir.<\/p>\n\n\n\n<p class=\"wp-block-paragraph\">V\u00fccut spreyinde ise kural serbestliktir: g\u00f6vdeye, k\u0131yafet \u00fczerine (leke testi yaparak) ve g\u00fcn i\u00e7inde diledi\u011finiz s\u0131kl\u0131kta. \u0130ki \u00fcr\u00fcn\u00fc katmanlamak da m\u00fcmk\u00fcnd\u00fcr: du\u015f sonras\u0131 v\u00fccut spreyi ile taban at\u0131p \u00e7\u0131k\u0131\u015fta ayn\u0131 koku ailesinden parf\u00fcm s\u0131kmak, kal\u0131c\u0131l\u0131\u011f\u0131 belirgin bi\u00e7imde uzat\u0131r.<\/p>\n\n\n\n<h2 class=\"wp-block-heading\"><strong>Hangisi Size G\u00f6re? K\u0131sa Karar Rehberi<\/strong><\/h2>\n\n\n\n<p class=\"wp-block-paragraph\">G\u00fcn i\u00e7i tazelik, spor sonras\u0131 ferahl\u0131k ve b\u00fct\u00e7e dostu \u00e7e\u015fitlilik ar\u0131yorsan\u0131z v\u00fccut spreyi; kal\u0131c\u0131l\u0131k, karakter ve iz b\u0131rakan bir imza ar\u0131yorsan\u0131z parf\u00fcm do\u011fru adrestir. \u00c7o\u011fu kullan\u0131c\u0131 i\u00e7in ideal dolap, ikisini birden bar\u0131nd\u0131r\u0131r: hafta i\u00e7i rahatl\u0131\u011f\u0131na birka\u00e7 sprey, \u00f6zel anlara bir ya da iki se\u00e7kin parf\u00fcm. Hediye d\u00fc\u015f\u00fcnenler i\u00e7in de <a href=\"https:\/\/gormeklazim.com\/kategori\/parfum-seti-c-662\">parf\u00fcm seti<\/a> kategorisindeki kutulu se\u00e7enekler, deneme boyu kokularla g\u00fcvenli bir ba\u015flang\u0131\u00e7 sunar.<\/p>\n\n\n\n<p class=\"wp-block-paragraph\">Sonu\u00e7 olarak soru &#8220;hangisi daha iyi&#8221; de\u011fil, &#8220;\u015fu an hangisi gerekli&#8221; sorusudur. Esans oran\u0131n\u0131 okumay\u0131 \u00f6\u011frendi\u011finizde parf\u00fcmeri raflar\u0131 karma\u015f\u0131k bir vitrin olmaktan \u00e7\u0131kar, ihtiyac\u0131n\u0131za g\u00f6re d\u00fczenlenmi\u015f bir men\u00fcye d\u00f6n\u00fc\u015f\u00fcr.<\/p>\n\n","protected":false},"excerpt":{"rendered":"<p>Parf\u00fcm reyonunda en s\u0131k duyulan sorulardan biri \u015fudur: &#8220;V\u00fccut spreyi ile parf\u00fcm aras\u0131nda ger\u00e7ekten fark var m\u0131, yoksa ayn\u0131 \u015feyin pahal\u0131s\u0131 ucuzu mu?&#8221; Cevap nettir: ikisi farkl\u0131 \u00fcr\u00fcnlerdir ve farkl\u0131 i\u015fler i\u00e7in tasarlanm\u0131\u015flard\u0131r. Aralar\u0131ndaki ayr\u0131m\u0131 bilmek, hem b\u00fct\u00e7enizi do\u011fru y\u00f6netmenizi hem de her ana uygun kokuyu se\u00e7menizi sa\u011flar. Yaz\u0131m\u0131zda esans oran\u0131ndan kal\u0131c\u0131l\u0131\u011fa, kullan\u0131m anlar\u0131ndan uygulama [&hellip;]<\/p>\n","protected":false},"author":1,"featured_media":3951,"comment_status":"open","ping_status":"open","sticky":false,"template":"","format":"standard","meta":{"footnotes":""},"categories":[67],"tags":[],"class_list":["post-3936","post","type-post","status-publish","format-standard","has-post-thumbnail","hentry","category-kozmetik"],"_links":{"self":[{"href":"https:\/\/gormeklazim.com\/blog\/wp-json\/wp\/v2\/posts\/3936","targetHints":{"allow":["GET"]}}],"collection":[{"href":"https:\/\/gormeklazim.com\/blog\/wp-json\/wp\/v2\/posts"}],"about":[{"href":"https:\/\/gormeklazim.com\/blog\/wp-json\/wp\/v2\/types\/post"}],"author":[{"embeddable":true,"href":"https:\/\/gormeklazim.com\/blog\/wp-json\/wp\/v2\/users\/1"}],"replies":[{"embeddable":true,"href":"https:\/\/gormeklazim.com\/blog\/wp-json\/wp\/v2\/comments?post=3936"}],"version-history":[{"count":1,"href":"https:\/\/gormeklazim.com\/blog\/wp-json\/wp\/v2\/posts\/3936\/revisions"}],"predecessor-version":[{"id":3966,"href":"https:\/\/gormeklazim.com\/blog\/wp-json\/wp\/v2\/posts\/3936\/revisions\/3966"}],"wp:featuredmedia":[{"embeddable":true,"href":"https:\/\/gormeklazim.com\/blog\/wp-json\/wp\/v2\/media\/3951"}],"wp:attachment":[{"href":"https:\/\/gormeklazim.com\/blog\/wp-json\/wp\/v2\/media?parent=3936"}],"wp:term":[{"taxonomy":"category","embeddable":true,"href":"https:\/\/gormeklazim.com\/blog\/wp-json\/wp\/v2\/categories?post=3936"},{"taxonomy":"post_tag","embeddable":true,"href":"https:\/\/gormeklazim.com\/blog\/wp-json\/wp\/v2\/tags?post=3936"}],"curies":[{"name":"wp","href":"https:\/\/api.w.org\/{rel}","templated":true}]}}