{"id":3929,"date":"2026-08-21T10:00:00","date_gmt":"2026-08-21T07:00:00","guid":{"rendered":"https:\/\/gormeklazim.com\/blog\/?p=3929"},"modified":"2026-08-31T17:53:19","modified_gmt":"2026-08-31T14:53:19","slug":"sac-kurutma-makinesi-nasil-secilir","status":"publish","type":"post","link":"https:\/\/gormeklazim.com\/blog\/sac-kurutma-makinesi-nasil-secilir\/","title":{"rendered":"Sa\u00e7 Kurutma Makinesi Nas\u0131l Se\u00e7ilir?"},"content":{"rendered":"\n<p class=\"wp-block-paragraph\">Sa\u00e7 kurutma makinesi, banyodaki en s\u0131k kullan\u0131lan elektrikli alet olmas\u0131na ra\u011fmen \u00e7o\u011fu zaman en az d\u00fc\u015f\u00fcn\u00fclerek al\u0131nand\u0131r. Oysa yanl\u0131\u015f se\u00e7ilmi\u015f bir f\u00f6n makinesi sa\u00e7\u0131 y\u0131prat\u0131r, do\u011fru se\u00e7ilmi\u015f olan\u0131 ise kuaf\u00f6r sonras\u0131 g\u00f6r\u00fcn\u00fcm\u00fc evde m\u00fcmk\u00fcn k\u0131lar. Yaz\u0131m\u0131zda motor tipinden \u0131s\u0131 kademelerine, iyon teknolojisinden ba\u015fl\u0131klara kadar sa\u00e7 kurutma makinesi se\u00e7iminin b\u00fct\u00fcn ayr\u0131nt\u0131lar\u0131n\u0131 sa\u00e7 tipinize g\u00f6re ele al\u0131yoruz.<\/p>\n\n\n\n<h2 class=\"wp-block-heading\"><strong>G\u00fc\u00e7 ve Motor: H\u0131z ile Y\u0131pranma Dengesi<\/strong><\/h2>\n\n\n\n<p class=\"wp-block-paragraph\">F\u00f6n makinelerinde 1800-2400 watt aral\u0131\u011f\u0131 ev kullan\u0131m\u0131n\u0131n standard\u0131d\u0131r. Y\u00fcksek watt daha g\u00fc\u00e7l\u00fc hava ak\u0131m\u0131 demektir ve kurutmay\u0131 h\u0131zland\u0131r\u0131r; bu, sa\u00e7\u0131n s\u0131ca\u011fa maruz kalma s\u00fcresini k\u0131saltt\u0131\u011f\u0131 i\u00e7in asl\u0131nda sa\u00e7 sa\u011fl\u0131\u011f\u0131na da hizmet eder. Yayg\u0131n yan\u0131lg\u0131n\u0131n aksine sa\u00e7\u0131 y\u0131pratan g\u00fc\u00e7 de\u011fil, d\u00fc\u015f\u00fck hava ak\u0131m\u0131n\u0131 y\u00fcksek \u0131s\u0131yla telafi etmeye \u00e7al\u0131\u015fan zay\u0131f makinelerdir.<\/p>\n\n\n\n<p class=\"wp-block-paragraph\">Motor taraf\u0131nda klasik AC motorlar dayan\u0131kl\u0131l\u0131\u011f\u0131yla bilinirken, yeni nesil y\u00fcksek devirli dijital motorlar hem daha hafif hem daha sessizdir. Uzun ve yo\u011fun sa\u00e7lar\u0131n\u0131 her g\u00fcn kurutanlar g\u00fc\u00e7l\u00fc hava ak\u0131m\u0131na, makineyi haftada bir iki kez kullananlar ise fiyat-performans dengesine \u00f6ncelik verebilir. Farkl\u0131 g\u00fc\u00e7 ve motor se\u00e7eneklerini <a href=\"https:\/\/gormeklazim.com\/kategori\/sac-kurutma-makinesi-c-864\">sa\u00e7 kurutma makinesi<\/a> kategorisinde kar\u015f\u0131la\u015ft\u0131rmak m\u00fcmk\u00fcn.<\/p>\n\n\n\n<h2 class=\"wp-block-heading\"><strong>Is\u0131 Kademeleri ve So\u011fuk Hava: Sa\u00e7\u0131n Sigortas\u0131<\/strong><\/h2>\n\n\n\n<p class=\"wp-block-paragraph\">\u0130yi bir f\u00f6n makinesinde en az iki \u00fc\u00e7 \u0131s\u0131 ve iki h\u0131z kademesi bulunmal\u0131, \u0131s\u0131 ile h\u0131z birbirinden ba\u011f\u0131ms\u0131z ayarlanabilmelidir. \u0130nce telli ve i\u015flem g\u00f6rm\u00fc\u015f sa\u00e7lar d\u00fc\u015f\u00fck \u0131s\u0131da uzun s\u00fcrede, kal\u0131n ve g\u00fcr sa\u00e7lar orta-y\u00fcksek \u0131s\u0131da kurutulmal\u0131d\u0131r. So\u011fuk hava d\u00fc\u011fmesi ise s\u00fcs de\u011fildir: \u015fekillendirmenin sonunda uygulanan so\u011fuk hava, sa\u00e7 k\u00fctik\u00fcl\u00fcn\u00fc kapatarak parlakl\u0131\u011f\u0131 sabitler ve f\u00f6n\u00fcn kal\u0131c\u0131l\u0131\u011f\u0131n\u0131 art\u0131r\u0131r.<\/p>\n\n\n\n<p class=\"wp-block-paragraph\">S\u0131cakl\u0131\u011f\u0131 sabit tutan ak\u0131ll\u0131 \u0131s\u0131 kontroll\u00fc modeller, sa\u00e7a temas eden havan\u0131n a\u015f\u0131r\u0131 \u0131s\u0131nmas\u0131n\u0131 \u00f6nleyerek \u00f6zellikle boyal\u0131 ve y\u0131pranm\u0131\u015f sa\u00e7larda fark yarat\u0131r. Her g\u00fcn f\u00f6n \u00e7eken kullan\u0131c\u0131lar i\u00e7in bu \u00f6zellik, uzun vadede sa\u00e7 sa\u011fl\u0131\u011f\u0131na yap\u0131lm\u0131\u015f bir yat\u0131r\u0131md\u0131r.<\/p>\n\n\n\n<h2 class=\"wp-block-heading\"><strong>\u0130yon Teknolojisi ve Kaplamalar: Pazarlama m\u0131, Ger\u00e7ek mi?<\/strong><\/h2>\n\n\n\n<p class=\"wp-block-paragraph\">\u0130yonik f\u00f6n makineleri, negatif y\u00fckl\u00fc iyonlarla sa\u00e7 \u00fczerindeki su damlac\u0131klar\u0131n\u0131 daha k\u00fc\u00e7\u00fck damlac\u0131klara ay\u0131rarak kurumay\u0131 h\u0131zland\u0131r\u0131r ve statik elektriklenmeyi azalt\u0131r; sonu\u00e7, daha az kabaran ve daha parlak sa\u00e7t\u0131r. Elektriklenme ve kabarma problemi ya\u015fayanlar i\u00e7in iyon \u00f6zelli\u011fi ger\u00e7ekten hissedilir bir fark yarat\u0131r. Seramik ve turmalin kaplamal\u0131 \u0131zgaralar \u0131s\u0131y\u0131 dengeli da\u011f\u0131tarak yerel a\u015f\u0131r\u0131 \u0131s\u0131nmay\u0131 \u00f6nler; bu da \u00f6zellikle uzun sa\u00e7larda u\u00e7 yan\u0131klar\u0131n\u0131n \u00f6n\u00fcne ge\u00e7er.<\/p>\n\n\n\n<p class=\"wp-block-paragraph\">\u00d6te yandan k\u0131v\u0131rc\u0131k ve dalgal\u0131 sa\u00e7\u0131n\u0131 do\u011fal dokusuyla kurutmak isteyenler iyonu abartmamal\u0131d\u0131r; a\u015f\u0131r\u0131 iyon, hacmi bast\u0131rabilir. Bu sa\u00e7 tipleri i\u00e7in as\u0131l belirleyici olan dif\u00fcz\u00f6r ba\u015fl\u0131\u011f\u0131d\u0131r.<\/p>\n\n\n\n<h2 class=\"wp-block-heading\"><strong>Ba\u015fl\u0131klar: Ayn\u0131 Makine, \u00dc\u00e7 Farkl\u0131 Sonu\u00e7<\/strong><\/h2>\n\n\n\n<p class=\"wp-block-paragraph\">Dar u\u00e7lu yo\u011funla\u015ft\u0131r\u0131c\u0131 ba\u015fl\u0131k, havay\u0131 tek noktaya odaklayarak f\u0131r\u00e7a e\u015fli\u011finde d\u00fcz ve disiplinli f\u00f6n \u00e7ekmenin anahtar\u0131d\u0131r. Dif\u00fcz\u00f6r, k\u0131v\u0131rc\u0131k sa\u00e7\u0131n buklelerini bozmadan, kabartmadan kurutur; bukle tan\u0131m\u0131 arayanlar i\u00e7in vazge\u00e7ilmezdir. Ba\u015fl\u0131ks\u0131z serbest kurutma ise yaln\u0131zca h\u0131zl\u0131 g\u00fcnl\u00fck kurutmada tercih edilmelidir. Alaca\u011f\u0131n\u0131z modelin kutusundan \u00e7\u0131kan ba\u015fl\u0131klar\u0131 kontrol etmek, sonradan uyumlu ba\u015fl\u0131k aramaktan kolayd\u0131r.<\/p>\n\n\n\n<p class=\"wp-block-paragraph\">A\u011f\u0131rl\u0131k ve kablo da g\u00fcnl\u00fck konforu belirler: 500 gram\u0131n alt\u0131ndaki modeller uzun \u015fekillendirmede bile\u011fi yormaz, 2,5-3 metrelik kablo prize mahk\u00fbm olmadan hareket \u00f6zg\u00fcrl\u00fc\u011f\u00fc verir. Seyahat s\u0131kl\u0131\u011f\u0131 y\u00fcksekse katlan\u0131r sapl\u0131 ve \u00e7ift voltajl\u0131 modeller \u00e7antada ciddi yer kazand\u0131r\u0131r.<\/p>\n\n\n\n<h2 class=\"wp-block-heading\"><strong>Sa\u00e7 Tipine G\u00f6re H\u0131zl\u0131 \u00d6zet<\/strong><\/h2>\n\n\n\n<p class=\"wp-block-paragraph\">\u0130nce ve y\u0131pranm\u0131\u015f sa\u00e7lar: hassas \u0131s\u0131 kontrol\u00fc ve d\u00fc\u015f\u00fck \u0131s\u0131 kademesi \u00f6ncelikli. Kal\u0131n ve g\u00fcr sa\u00e7lar: 2200 watt \u00fczeri g\u00fc\u00e7l\u00fc hava ak\u0131m\u0131. K\u0131v\u0131rc\u0131k sa\u00e7lar: dif\u00fcz\u00f6r ba\u015fl\u0131k ve orta \u0131s\u0131. Boyal\u0131 sa\u00e7lar: seramik kaplama ve ak\u0131ll\u0131 \u0131s\u0131 kontrol\u00fc. S\u0131k seyahat edenler: katlan\u0131r, hafif, \u00e7ift voltajl\u0131 modeller. F\u00f6n sonras\u0131 bak\u0131m\u0131 tamamlamak i\u00e7in kulland\u0131\u011f\u0131n\u0131z \u00fcr\u00fcnlerle birlikte d\u00fc\u015f\u00fcnmek de faydal\u0131d\u0131r; sa\u00e7 ve cilt bak\u0131m rutinini bir arada planlayanlar <a href=\"https:\/\/gormeklazim.com\/kategori\/kisisel-bakim-aletleri-c-2373\">ki\u015fisel bak\u0131m aletleri<\/a> kategorisinde f\u00f6n makinesini tamamlayan d\u00fczle\u015ftirici ve ma\u015fa se\u00e7eneklerini de g\u00f6rebilir.<\/p>\n\n\n\n<p class=\"wp-block-paragraph\">Do\u011fru f\u00f6n makinesi, sa\u00e7 tipinizle uyumlu \u0131s\u0131 ve hava dengesini sunan makinedir; gerisi al\u0131\u015fkanl\u0131k ve be\u015f dakikal\u0131k pratik meselesidir. Se\u00e7imi sa\u00e7\u0131n\u0131za g\u00f6re yapt\u0131\u011f\u0131n\u0131zda, aynan\u0131n kar\u015f\u0131s\u0131ndaki sonu\u00e7 her sabah kuaf\u00f6r \u00e7\u0131k\u0131\u015f\u0131 hissi verir.<\/p>\n","protected":false},"excerpt":{"rendered":"<p>Sa\u00e7 kurutma makinesi, banyodaki en s\u0131k kullan\u0131lan elektrikli alet olmas\u0131na ra\u011fmen \u00e7o\u011fu zaman en az d\u00fc\u015f\u00fcn\u00fclerek al\u0131nand\u0131r. Oysa yanl\u0131\u015f se\u00e7ilmi\u015f bir f\u00f6n makinesi sa\u00e7\u0131 y\u0131prat\u0131r, do\u011fru se\u00e7ilmi\u015f olan\u0131 ise kuaf\u00f6r sonras\u0131 g\u00f6r\u00fcn\u00fcm\u00fc evde m\u00fcmk\u00fcn k\u0131lar. Yaz\u0131m\u0131zda motor tipinden \u0131s\u0131 kademelerine, iyon teknolojisinden ba\u015fl\u0131klara kadar sa\u00e7 kurutma makinesi se\u00e7iminin b\u00fct\u00fcn ayr\u0131nt\u0131lar\u0131n\u0131 sa\u00e7 tipinize g\u00f6re ele al\u0131yoruz. [&hellip;]<\/p>\n","protected":false},"author":1,"featured_media":3944,"comment_status":"open","ping_status":"open","sticky":false,"template":"","format":"standard","meta":{"footnotes":""},"categories":[65],"tags":[],"class_list":["post-3929","post","type-post","status-publish","format-standard","has-post-thumbnail","hentry","category-elektronik"],"_links":{"self":[{"href":"https:\/\/gormeklazim.com\/blog\/wp-json\/wp\/v2\/posts\/3929","targetHints":{"allow":["GET"]}}],"collection":[{"href":"https:\/\/gormeklazim.com\/blog\/wp-json\/wp\/v2\/posts"}],"about":[{"href":"https:\/\/gormeklazim.com\/blog\/wp-json\/wp\/v2\/types\/post"}],"author":[{"embeddable":true,"href":"https:\/\/gormeklazim.com\/blog\/wp-json\/wp\/v2\/users\/1"}],"replies":[{"embeddable":true,"href":"https:\/\/gormeklazim.com\/blog\/wp-json\/wp\/v2\/comments?post=3929"}],"version-history":[{"count":2,"href":"https:\/\/gormeklazim.com\/blog\/wp-json\/wp\/v2\/posts\/3929\/revisions"}],"predecessor-version":[{"id":4167,"href":"https:\/\/gormeklazim.com\/blog\/wp-json\/wp\/v2\/posts\/3929\/revisions\/4167"}],"wp:featuredmedia":[{"embeddable":true,"href":"https:\/\/gormeklazim.com\/blog\/wp-json\/wp\/v2\/media\/3944"}],"wp:attachment":[{"href":"https:\/\/gormeklazim.com\/blog\/wp-json\/wp\/v2\/media?parent=3929"}],"wp:term":[{"taxonomy":"category","embeddable":true,"href":"https:\/\/gormeklazim.com\/blog\/wp-json\/wp\/v2\/categories?post=3929"},{"taxonomy":"post_tag","embeddable":true,"href":"https:\/\/gormeklazim.com\/blog\/wp-json\/wp\/v2\/tags?post=3929"}],"curies":[{"name":"wp","href":"https:\/\/api.w.org\/{rel}","templated":true}]}}